{"id":1033,"date":"2015-01-25T15:12:01","date_gmt":"2015-01-25T14:12:01","guid":{"rendered":"http:\/\/www.culturapopolare.it\/?p=1033"},"modified":"2015-01-25T15:13:34","modified_gmt":"2015-01-25T14:13:34","slug":"il-pozzo-di-isacco-edizione-2015","status":"publish","type":"post","link":"https:\/\/www.culturapopolare.it\/index.php\/archives\/1033","title":{"rendered":"Il Pozzo di Isacco, edizione 2015"},"content":{"rendered":"<p><strong>Mercoled\u00ec 4 Febbraio<\/strong><br \/>\n<em>c\/o Museo della Beata Vergine di San Luca<\/em><br \/>\n<em>piazza di porta Saragozza 2\/a<\/em><\/p>\n<p><a href=\"http:\/\/www.culturapopolare.it\/wp-content\/uploads\/2015\/01\/024.-1928.-MONUMENTO-A-RAGGI-E-RUGGERI.-1928-CERTOSA-DI-BOLOGNA.jpg\"><img loading=\"lazy\" decoding=\"async\" class=\" size-medium wp-image-1036 alignleft\" src=\"http:\/\/www.culturapopolare.it\/wp-content\/uploads\/2015\/01\/024.-1928.-MONUMENTO-A-RAGGI-E-RUGGERI.-1928-CERTOSA-DI-BOLOGNA-300x225.jpg\" alt=\"Exif_JPEG_PICTURE\" width=\"300\" height=\"225\" srcset=\"https:\/\/www.culturapopolare.it\/wp-content\/uploads\/2015\/01\/024.-1928.-MONUMENTO-A-RAGGI-E-RUGGERI.-1928-CERTOSA-DI-BOLOGNA-300x225.jpg 300w, https:\/\/www.culturapopolare.it\/wp-content\/uploads\/2015\/01\/024.-1928.-MONUMENTO-A-RAGGI-E-RUGGERI.-1928-CERTOSA-DI-BOLOGNA-1024x769.jpg 1024w, https:\/\/www.culturapopolare.it\/wp-content\/uploads\/2015\/01\/024.-1928.-MONUMENTO-A-RAGGI-E-RUGGERI.-1928-CERTOSA-DI-BOLOGNA-400x300.jpg 400w, https:\/\/www.culturapopolare.it\/wp-content\/uploads\/2015\/01\/024.-1928.-MONUMENTO-A-RAGGI-E-RUGGERI.-1928-CERTOSA-DI-BOLOGNA.jpg 1561w\" sizes=\"auto, (max-width: 300px) 100vw, 300px\" \/><\/a>Mercoled\u00ec 4 febbraio 2015 riprende il <strong>Pozzo di Isacco<\/strong>, titolo unificato sotto cui si radunano i diversi corsi annuali: <strong>le dieci lezioni<\/strong>, che si terranno <em>nell\u2019aula didattica del Museo della Beata Vergine di San Luca,\u00a0<\/em>saranno cos\u00ec organizzate:<\/p>\n<h1><em><strong>Ogni mercoled\u00ec<\/strong><\/em>:<\/h1>\n<p><strong>primo turno<\/strong> 16-17,45;<br \/>\n<strong>secondo turno<\/strong> 18-19,45;<br \/>\n<strong>terzo turno<\/strong> 21-22,30 (senza intervallo).<\/p>\n<p><strong>Questi i giorni delle dieci lezioni del corso<\/strong>:<br \/>\n<em>4-11-25 febbraio; 4-11-18-25 marzo; 1-8-15 aprile;<\/em><\/p>\n<p>come \u00e8 evidente si salta il Mercoled\u00ec delle Ceneri, cio\u00e8 il 18 febbraio.<\/p>\n<p>Terminate le dieci lezioni frontali, avranno luogo tre lezioni sul campo, in data e con mete che verranno comunicate.<\/p>\n<p><em><a href=\"http:\/\/www.culturapopolare.it\/wp-content\/uploads\/2015\/01\/1889.-vangogh32.NOTTE-STELLATA.-2.jpg\"><img loading=\"lazy\" decoding=\"async\" class=\"alignright size-medium wp-image-1037\" src=\"http:\/\/www.culturapopolare.it\/wp-content\/uploads\/2015\/01\/1889.-vangogh32.NOTTE-STELLATA.-2-300x240.jpg\" alt=\"1889. vangogh32.NOTTE STELLATA. (2)\" width=\"300\" height=\"240\" srcset=\"https:\/\/www.culturapopolare.it\/wp-content\/uploads\/2015\/01\/1889.-vangogh32.NOTTE-STELLATA.-2-300x240.jpg 300w, https:\/\/www.culturapopolare.it\/wp-content\/uploads\/2015\/01\/1889.-vangogh32.NOTTE-STELLATA.-2-376x300.jpg 376w, https:\/\/www.culturapopolare.it\/wp-content\/uploads\/2015\/01\/1889.-vangogh32.NOTTE-STELLATA.-2.jpg 576w\" sizes=\"auto, (max-width: 300px) 100vw, 300px\" \/><\/a>Nel corso di quest\u2019anno si affronter\u00e0 il tema: \u201cArte del nostro presente: problematica, prospettive, proposte\u201d. Si tratter\u00e0 di preraffaellismo, simbolismo, liberty, cubismo, futurismo, pittura metafisica, arte dei regimi totalitari e moderne architetture degli edifici sacri.<\/em><\/p>\n<p>Promosso dal Centro Studi per la Cultura Popolare, il corso sar\u00e0 tenuto da Fernando Lanzi, membro della Commissione d\u2019Arte Sacra e della Commissione liturgica della Arcidiocesi di Bologna e Direttore del Museo, e da Gioia Lanzi, presidente del Centro Studi per la Cultura Popolare e autrice di diversi testi sull\u2019argomento. Si lavorer\u00e0 sulle opere d\u2019arte degli ultimi due secoli, confrontandoci anche con i diversi interventi del Magistero Pontificio, sia quelli dedicati specificamente all\u2019arte, sia quelli che, comunque, aiutano a comprendere il ruolo degli artisti nella Chiesa e la relazione tra la Chiesa e gli artisti. \u201cLeggeremo\u201d le opere d\u2019arte degli ultimi due secoli per cogliere la loro relazione con la percezione di s\u00e9 e con la cultura loro contemporanea.<\/p>\n<p>Le lezioni dei tre turni saranno identiche e si potr\u00e0 di volta in volta frequentare liberamente<br \/>\nil primo, il secondo o il terzo turno, secondo le proprie esigenze. Le iscrizioni si raccolgono direttamente il 4 febbraio all\u2019inizio delle lezioni, per cui si prega di arrivare con un po\u2019 di anticipo sull\u2019orario.<\/p>\n<p><em><strong>Info 335 6771199, e <a href=\"mailto:lanzi@culturapopolare.it\">lanzi@culturapopolare.it<\/a><\/strong><\/em><\/p>\n<p><a class=\"linkicone\" href=\"http:\/\/www.culturapopolare.it\/wp-content\/uploads\/2015\/01\/2015-POZZO-DI-ISACCO.pdf\" target=\"_blank\">Scarica la locandina in PDF<\/a><\/p>\n","protected":false},"excerpt":{"rendered":"<p>Mercoled\u00ec 4 Febbraio c\/o Museo della Beata Vergine di San Luca piazza di porta Saragozza 2\/a Mercoled\u00ec 4 febbraio 2015 riprende il Pozzo di Isacco, titolo unificato sotto cui si radunano i diversi corsi annuali: le dieci lezioni, che si terranno nell\u2019aula didattica del Museo della Beata Vergine di San Luca,\u00a0saranno cos\u00ec organizzate: Ogni mercoled\u00ec: &hellip; <a href=\"https:\/\/www.culturapopolare.it\/index.php\/archives\/1033\" class=\"more-link\">Continua a leggere <span class=\"screen-reader-text\">Il Pozzo di Isacco, edizione 2015<\/span><\/a><\/p>\n","protected":false},"author":3,"featured_media":0,"comment_status":"open","ping_status":"open","sticky":false,"template":"","format":"standard","meta":{"footnotes":""},"categories":[1],"tags":[],"class_list":["post-1033","post","type-post","status-publish","format-standard","hentry","category-senza-categoria"],"_links":{"self":[{"href":"https:\/\/www.culturapopolare.it\/index.php\/wp-json\/wp\/v2\/posts\/1033","targetHints":{"allow":["GET"]}}],"collection":[{"href":"https:\/\/www.culturapopolare.it\/index.php\/wp-json\/wp\/v2\/posts"}],"about":[{"href":"https:\/\/www.culturapopolare.it\/index.php\/wp-json\/wp\/v2\/types\/post"}],"author":[{"embeddable":true,"href":"https:\/\/www.culturapopolare.it\/index.php\/wp-json\/wp\/v2\/users\/3"}],"replies":[{"embeddable":true,"href":"https:\/\/www.culturapopolare.it\/index.php\/wp-json\/wp\/v2\/comments?post=1033"}],"version-history":[{"count":2,"href":"https:\/\/www.culturapopolare.it\/index.php\/wp-json\/wp\/v2\/posts\/1033\/revisions"}],"predecessor-version":[{"id":1041,"href":"https:\/\/www.culturapopolare.it\/index.php\/wp-json\/wp\/v2\/posts\/1033\/revisions\/1041"}],"wp:attachment":[{"href":"https:\/\/www.culturapopolare.it\/index.php\/wp-json\/wp\/v2\/media?parent=1033"}],"wp:term":[{"taxonomy":"category","embeddable":true,"href":"https:\/\/www.culturapopolare.it\/index.php\/wp-json\/wp\/v2\/categories?post=1033"},{"taxonomy":"post_tag","embeddable":true,"href":"https:\/\/www.culturapopolare.it\/index.php\/wp-json\/wp\/v2\/tags?post=1033"}],"curies":[{"name":"wp","href":"https:\/\/api.w.org\/{rel}","templated":true}]}}