{"id":1128,"date":"2015-07-24T15:11:51","date_gmt":"2015-07-24T14:11:51","guid":{"rendered":"http:\/\/www.culturapopolare.it\/?p=1128"},"modified":"2015-12-13T12:10:10","modified_gmt":"2015-12-13T11:10:10","slug":"la-via-delle-maesta-nellalto-reno","status":"publish","type":"post","link":"https:\/\/www.culturapopolare.it\/index.php\/archives\/1128","title":{"rendered":"La via delle Maest\u00e0 nell\u2019Alto Reno"},"content":{"rendered":"<p><strong><a href=\"http:\/\/www.culturapopolare.it\/wp-content\/uploads\/2015\/07\/Senza-titolo1.png\"><img loading=\"lazy\" decoding=\"async\" class=\"alignleft size-full wp-image-1129\" src=\"http:\/\/www.culturapopolare.it\/wp-content\/uploads\/2015\/07\/Senza-titolo1.png\" alt=\"Senza titolo1\" width=\"289\" height=\"312\" srcset=\"https:\/\/www.culturapopolare.it\/wp-content\/uploads\/2015\/07\/Senza-titolo1.png 289w, https:\/\/www.culturapopolare.it\/wp-content\/uploads\/2015\/07\/Senza-titolo1-278x300.png 278w\" sizes=\"auto, (max-width: 289px) 100vw, 289px\" \/><\/a>Domenica 2 agosto, ore 17,15<\/strong><br \/>\n<em>c\/o Santuario della Madonna dell&#8217;Acero<\/em><br \/>\n<em>ai piedi del Corno alle Scale (Comune di Lizzano in Belvedere)<\/em><\/p>\n<p>il <strong>Centro Studi per la Cultura Popolare<\/strong> e l\u2019<strong>Associazione Cultura Senza Barriere<\/strong>, nelle persone di <em>Fernando e Gioia Lanzi<\/em>, terranno una <em>conversazione<\/em> sulle <strong>\u201cmaest\u00e0\u201d<\/strong>, cio\u00e8 quelle immagini sacre che dai muri stradali, da pareti di casa o da pilastrini, accompagnano chi cammina sulla nostra montagna.<br \/>\nSi tratter\u00e0 delle forme di questa espressione della piet\u00e0 popolare lungo la valle del Reno, dove si trovano maest\u00e0, spesso legate a santuari, da Casalecchio a Pistoia.<br \/>\n<em>In particolare<\/em>, e in preparazione alla festa del 5 agosto al santuario, <em>si tratter\u00e0 qui di quella deviazione dalla via verso la Toscana che da Silla sale al santuario della Madonna dell\u2019Acero<\/em>, con una fila completa di pilastri in macigno da Ca\u2019 di Berna: ex voto dell\u2019inizio del \u2018900, restaurato negli anni \u201980, i pilastri costeggiano nel bosco l\u2019antico sentiero che si percorreva per giungere al santuario e magari passare in Toscana.<\/p>\n<p><a href=\"http:\/\/www.culturapopolare.it\/wp-content\/uploads\/2015\/07\/locandina-acero-2-agosto-1.pdf\" target=\"_blank\">Scarica la locandina in PDF<\/a><\/p>\n","protected":false},"excerpt":{"rendered":"<p>Domenica 2 agosto, ore 17,15 c\/o Santuario della Madonna dell&#8217;Acero ai piedi del Corno alle Scale (Comune di Lizzano in Belvedere) il Centro Studi per la Cultura Popolare e l\u2019Associazione Cultura Senza Barriere, nelle persone di Fernando e Gioia Lanzi, terranno una conversazione sulle \u201cmaest\u00e0\u201d, cio\u00e8 quelle immagini sacre che dai muri stradali, da pareti &hellip; <a href=\"https:\/\/www.culturapopolare.it\/index.php\/archives\/1128\" class=\"more-link\">Continua a leggere <span class=\"screen-reader-text\">La via delle Maest\u00e0 nell\u2019Alto Reno<\/span><\/a><\/p>\n","protected":false},"author":3,"featured_media":0,"comment_status":"closed","ping_status":"open","sticky":false,"template":"","format":"standard","meta":{"footnotes":""},"categories":[1],"tags":[],"class_list":["post-1128","post","type-post","status-publish","format-standard","hentry","category-senza-categoria"],"_links":{"self":[{"href":"https:\/\/www.culturapopolare.it\/index.php\/wp-json\/wp\/v2\/posts\/1128","targetHints":{"allow":["GET"]}}],"collection":[{"href":"https:\/\/www.culturapopolare.it\/index.php\/wp-json\/wp\/v2\/posts"}],"about":[{"href":"https:\/\/www.culturapopolare.it\/index.php\/wp-json\/wp\/v2\/types\/post"}],"author":[{"embeddable":true,"href":"https:\/\/www.culturapopolare.it\/index.php\/wp-json\/wp\/v2\/users\/3"}],"replies":[{"embeddable":true,"href":"https:\/\/www.culturapopolare.it\/index.php\/wp-json\/wp\/v2\/comments?post=1128"}],"version-history":[{"count":3,"href":"https:\/\/www.culturapopolare.it\/index.php\/wp-json\/wp\/v2\/posts\/1128\/revisions"}],"predecessor-version":[{"id":1134,"href":"https:\/\/www.culturapopolare.it\/index.php\/wp-json\/wp\/v2\/posts\/1128\/revisions\/1134"}],"wp:attachment":[{"href":"https:\/\/www.culturapopolare.it\/index.php\/wp-json\/wp\/v2\/media?parent=1128"}],"wp:term":[{"taxonomy":"category","embeddable":true,"href":"https:\/\/www.culturapopolare.it\/index.php\/wp-json\/wp\/v2\/categories?post=1128"},{"taxonomy":"post_tag","embeddable":true,"href":"https:\/\/www.culturapopolare.it\/index.php\/wp-json\/wp\/v2\/tags?post=1128"}],"curies":[{"name":"wp","href":"https:\/\/api.w.org\/{rel}","templated":true}]}}