{"id":1143,"date":"2015-09-04T06:45:46","date_gmt":"2015-09-04T05:45:46","guid":{"rendered":"http:\/\/www.culturapopolare.it\/?p=1143"},"modified":"2017-02-13T13:09:58","modified_gmt":"2017-02-13T12:09:58","slug":"la-sindone-e-luomo-della-sindone-storia-delle-storie-il-punto-sulle-ricerche","status":"publish","type":"post","link":"https:\/\/www.culturapopolare.it\/index.php\/archives\/1143","title":{"rendered":"La Sindone e l&#8217;uomo della Sindone. Storia delle storie. Il punto sulle ricerche."},"content":{"rendered":"<p><strong><a href=\"http:\/\/www.culturapopolare.it\/wp-content\/uploads\/2015\/09\/2015-09-12-locandina-sindone.jpg\"><img loading=\"lazy\" decoding=\"async\" class=\"alignleft size-medium wp-image-1145\" src=\"http:\/\/www.culturapopolare.it\/wp-content\/uploads\/2015\/09\/2015-09-12-locandina-sindone-212x300.jpg\" alt=\"2015-09-12- locandina sindone\" width=\"212\" height=\"300\" srcset=\"https:\/\/www.culturapopolare.it\/wp-content\/uploads\/2015\/09\/2015-09-12-locandina-sindone-212x300.jpg 212w, https:\/\/www.culturapopolare.it\/wp-content\/uploads\/2015\/09\/2015-09-12-locandina-sindone-724x1024.jpg 724w, https:\/\/www.culturapopolare.it\/wp-content\/uploads\/2015\/09\/2015-09-12-locandina-sindone.jpg 1843w\" sizes=\"auto, (max-width: 212px) 100vw, 212px\" \/><\/a>Sabato 12 settembre, ore 17<br \/>\n<\/strong><em>Museo della Beata Vergine di San Luca<\/em><br \/>\n<em>P <a href=\"http:\/\/biturlz.com\/Jow8T5i\">go to website<\/a>.zza di porta Saragozza 2a<\/em><strong><br \/>\n<\/strong><\/p>\n<p>Nel quadro della <strong>Festa della Storia<\/strong>, il Museo <em>apre la sua stagione di eventi<\/em> con una conferenza decisamente interessante, tenuta da <strong>Fernando Lanzi<\/strong> e <strong>Luigi E. Mattei.<\/strong><\/p>\n<p>La recentissima ostensione della <strong>Sacra Sindone<\/strong> ha richiamato l\u2019attenzione sulla preziosa reliquia. <em>Il suo viaggio<\/em>, da Gerusalemme alla Torino dei giorni nostri <em>presenta aspetti misteriosi<\/em> e pone interrogativi \u00a0che spesso scatenano le pi\u00f9 inquietanti fantasie. La realt\u00e0 \u00e8 come sempre pi\u00f9 affascinante dei racconti fantastici, e la scienza, con i suoi esami \u2013 utilissimi se ben condotti e dannosi e falsificatori se effettuati\u2026 senza metodo scientifico &#8211; nel tempo \u00e8 venuta in aiuto e oggi<em><strong> gli esami pi\u00f9 approfonditi hanno permesso di fare luce sulle storie del Telo sindonico<\/strong><\/em>.<\/p>\n<p>Al punto che \u00e8 stato possibile, con un\u00a0 particolare procedimento, <em>elaborare dalla figura impressa sul lino<\/em> <strong>una rappresentazione tridimensionale<\/strong>, realizzata in bronzo da <em>Luigi E.Mattei<\/em>, oggi <em>presente nel Complesso Stefaniano di Bologna<\/em>.<\/p>\n<p><a href=\"http:\/\/www.culturapopolare.it\/wp-content\/uploads\/2015\/09\/2015-09-12-locandina-sindone.pdf\" target=\"_blank\">Scarica la locandina in PDF.<\/a><\/p>\n","protected":false},"excerpt":{"rendered":"<p>Sabato 12 settembre, ore 17 Museo della Beata Vergine di San Luca P go to website.zza di porta Saragozza 2a Nel quadro della Festa della Storia, il Museo apre la sua stagione di eventi con una conferenza decisamente interessante, tenuta da Fernando Lanzi e Luigi E. Mattei. La recentissima ostensione della Sacra Sindone ha richiamato &hellip; <a href=\"https:\/\/www.culturapopolare.it\/index.php\/archives\/1143\" class=\"more-link\">Continua a leggere <span class=\"screen-reader-text\">La Sindone e l&#8217;uomo della Sindone. Storia delle storie. Il punto sulle ricerche.<\/span><\/a><\/p>\n","protected":false},"author":3,"featured_media":0,"comment_status":"closed","ping_status":"open","sticky":false,"template":"","format":"standard","meta":{"footnotes":""},"categories":[1],"tags":[],"class_list":["post-1143","post","type-post","status-publish","format-standard","hentry","category-senza-categoria"],"_links":{"self":[{"href":"https:\/\/www.culturapopolare.it\/index.php\/wp-json\/wp\/v2\/posts\/1143","targetHints":{"allow":["GET"]}}],"collection":[{"href":"https:\/\/www.culturapopolare.it\/index.php\/wp-json\/wp\/v2\/posts"}],"about":[{"href":"https:\/\/www.culturapopolare.it\/index.php\/wp-json\/wp\/v2\/types\/post"}],"author":[{"embeddable":true,"href":"https:\/\/www.culturapopolare.it\/index.php\/wp-json\/wp\/v2\/users\/3"}],"replies":[{"embeddable":true,"href":"https:\/\/www.culturapopolare.it\/index.php\/wp-json\/wp\/v2\/comments?post=1143"}],"version-history":[{"count":4,"href":"https:\/\/www.culturapopolare.it\/index.php\/wp-json\/wp\/v2\/posts\/1143\/revisions"}],"predecessor-version":[{"id":1424,"href":"https:\/\/www.culturapopolare.it\/index.php\/wp-json\/wp\/v2\/posts\/1143\/revisions\/1424"}],"wp:attachment":[{"href":"https:\/\/www.culturapopolare.it\/index.php\/wp-json\/wp\/v2\/media?parent=1143"}],"wp:term":[{"taxonomy":"category","embeddable":true,"href":"https:\/\/www.culturapopolare.it\/index.php\/wp-json\/wp\/v2\/categories?post=1143"},{"taxonomy":"post_tag","embeddable":true,"href":"https:\/\/www.culturapopolare.it\/index.php\/wp-json\/wp\/v2\/tags?post=1143"}],"curies":[{"name":"wp","href":"https:\/\/api.w.org\/{rel}","templated":true}]}}