{"id":1895,"date":"2022-10-22T10:06:16","date_gmt":"2022-10-22T09:06:16","guid":{"rendered":"https:\/\/www.culturapopolare.it\/?p=1895"},"modified":"2022-10-22T10:06:16","modified_gmt":"2022-10-22T09:06:16","slug":"avvisi-di-ottobre","status":"publish","type":"post","link":"https:\/\/www.culturapopolare.it\/index.php\/archives\/1895","title":{"rendered":"Avvisi di ottobre"},"content":{"rendered":"\n<p>Cari amici,<\/p>\n\n\n\n<p>ecco il prossimo evento promosso dal Centro Studi per la Cultura Popolare al Museo della Beata Vergine di San Luca di Bologna (Piazza di Porta Saragozza 2\/a).<\/p>\n\n\n\n<p>Il 26 ottobre 2022 alle ore 18, ci sar\u00e0 una conferenza a due voci, quella dello storico e archeologo Giampiero Bagni e del direttore del Museo Fernando Lanzi, sul tema \u201cI Templari e il culto di San Michel Arcangelo a Bologna\u201d: occasione per interrogare la storia di Bologna, in cui appunto i Templari e San Michele Arcangelo sono molto presenti. Per questa conferenza: info: 3271526080.<\/p>\n\n\n\n<p>Intanto fino al 30 ottobre continua la Mostra \u201cPresenze\u201d, in cui \u00e8 possibile conoscere il mondo delle icone, e si ammirano quelle scritte da Stefano Matteucci.<\/p>\n\n\n\n<p>Vi accludiamo la relativa locandina, e anche, perch\u00e9 possiate guardare avanti, l\u2019intero programma del Museo fino alla fine di questo 2022: sono tutti eventi (mostre e conferenze) inserite nella Festa Internazionale della Storia.<\/p>\n\n\n\n<p>Ricordiamo che l\u2019ingresso \u00e8 sempre libero, e che l\u2019orario del Museo \u00e8: marted\u00ec, gioved\u00ec, sabato dalle 9 alle 13, domenica dalle 10 alle 14; e, fino a fine ottobre, anche mercoled\u00ec dalle 14,30 alle 18. Info per visite guidate per gruppi: 335-6771199, e <a href=\"mailto:lanzi@culturapopolare.it\">lanzi@culturapopolare.it<\/a><\/p>\n\n\n\n<p>Vi aspettiamo!<\/p>\n\n\n\n<p>Fernando e Gioia Lanzi<\/p>\n\n\n\n<figure class=\"wp-block-image size-large\"><img loading=\"lazy\" decoding=\"async\" width=\"724\" height=\"1024\" src=\"https:\/\/www.culturapopolare.it\/wp-content\/uploads\/2022\/10\/Templari-e-san-Michele-2610tris-26-ottobre-2022-724x1024.jpg\" alt=\"\" class=\"wp-image-1896\" srcset=\"https:\/\/www.culturapopolare.it\/wp-content\/uploads\/2022\/10\/Templari-e-san-Michele-2610tris-26-ottobre-2022-724x1024.jpg 724w, https:\/\/www.culturapopolare.it\/wp-content\/uploads\/2022\/10\/Templari-e-san-Michele-2610tris-26-ottobre-2022-212x300.jpg 212w, https:\/\/www.culturapopolare.it\/wp-content\/uploads\/2022\/10\/Templari-e-san-Michele-2610tris-26-ottobre-2022-768x1086.jpg 768w, https:\/\/www.culturapopolare.it\/wp-content\/uploads\/2022\/10\/Templari-e-san-Michele-2610tris-26-ottobre-2022-1087x1536.jpg 1087w, https:\/\/www.culturapopolare.it\/wp-content\/uploads\/2022\/10\/Templari-e-san-Michele-2610tris-26-ottobre-2022.jpg 1240w\" sizes=\"auto, (max-width: 724px) 100vw, 724px\" \/><\/figure>\n","protected":false},"excerpt":{"rendered":"<p>Cari amici, ecco il prossimo evento promosso dal Centro Studi per la Cultura Popolare al Museo della Beata Vergine di San Luca di Bologna (Piazza di Porta Saragozza 2\/a). Il 26 ottobre 2022 alle ore 18, ci sar\u00e0 una conferenza a due voci, quella dello storico e archeologo Giampiero Bagni e del direttore del Museo &hellip; <a href=\"https:\/\/www.culturapopolare.it\/index.php\/archives\/1895\" class=\"more-link\">Continua a leggere <span class=\"screen-reader-text\">Avvisi di ottobre<\/span><\/a><\/p>\n","protected":false},"author":3,"featured_media":0,"comment_status":"closed","ping_status":"closed","sticky":false,"template":"","format":"standard","meta":{"footnotes":""},"categories":[37],"tags":[],"class_list":["post-1895","post","type-post","status-publish","format-standard","hentry","category-attivita"],"_links":{"self":[{"href":"https:\/\/www.culturapopolare.it\/index.php\/wp-json\/wp\/v2\/posts\/1895","targetHints":{"allow":["GET"]}}],"collection":[{"href":"https:\/\/www.culturapopolare.it\/index.php\/wp-json\/wp\/v2\/posts"}],"about":[{"href":"https:\/\/www.culturapopolare.it\/index.php\/wp-json\/wp\/v2\/types\/post"}],"author":[{"embeddable":true,"href":"https:\/\/www.culturapopolare.it\/index.php\/wp-json\/wp\/v2\/users\/3"}],"replies":[{"embeddable":true,"href":"https:\/\/www.culturapopolare.it\/index.php\/wp-json\/wp\/v2\/comments?post=1895"}],"version-history":[{"count":1,"href":"https:\/\/www.culturapopolare.it\/index.php\/wp-json\/wp\/v2\/posts\/1895\/revisions"}],"predecessor-version":[{"id":1899,"href":"https:\/\/www.culturapopolare.it\/index.php\/wp-json\/wp\/v2\/posts\/1895\/revisions\/1899"}],"wp:attachment":[{"href":"https:\/\/www.culturapopolare.it\/index.php\/wp-json\/wp\/v2\/media?parent=1895"}],"wp:term":[{"taxonomy":"category","embeddable":true,"href":"https:\/\/www.culturapopolare.it\/index.php\/wp-json\/wp\/v2\/categories?post=1895"},{"taxonomy":"post_tag","embeddable":true,"href":"https:\/\/www.culturapopolare.it\/index.php\/wp-json\/wp\/v2\/tags?post=1895"}],"curies":[{"name":"wp","href":"https:\/\/api.w.org\/{rel}","templated":true}]}}