{"id":1901,"date":"2022-10-31T10:47:03","date_gmt":"2022-10-31T09:47:03","guid":{"rendered":"https:\/\/www.culturapopolare.it\/?p=1901"},"modified":"2022-10-31T10:49:12","modified_gmt":"2022-10-31T09:49:12","slug":"avvisi-di-inizio-novembre","status":"publish","type":"post","link":"https:\/\/www.culturapopolare.it\/index.php\/archives\/1901","title":{"rendered":"Avvisi di inizio novembre"},"content":{"rendered":"\n<p>Cari amici, ecco le proposte del Centro Studi e del Museo della Beata Vergine di San Luca:<\/p>\n\n\n\n<p>una nuova mostra sui portici di Bologna, ora riconosciuti come Patrimonio dell\u2019Umanit\u00e0 dall\u2019UNESCO, e tre conferenze, due sui portici stessi, la terza su un percorso di fede e devozione documentato nell\u2019Alta Valle del Reno.&nbsp;<\/p>\n\n\n\n<p><strong>Mostra<\/strong>&nbsp;5 novembre &#8211; 6 dicembre 2022&nbsp;<\/p>\n\n\n\n<p>\u201cI portici lignei di Palazzo Grassi e dell\u2019ex Orfanotrofio di San Leonardo. Repertorio iconografico.\u201d&nbsp;<\/p>\n\n\n\n<p>Arch. Elisabetta Bertozzi&nbsp;<\/p>\n\n\n\n<p>Mercoled\u00ec 9 novembre 2022, ore18&nbsp;<\/p>\n\n\n\n<p><strong>Presentazione del libro<\/strong>: \u201cPercorsi di fede e di devozione nell\u2019Alto Reno. Ma valida venne una man&nbsp;<\/p>\n\n\n\n<p>dal cielo\u201d di Romano Mellini e Sergio Ferroni.&nbsp;<\/p>\n\n\n\n<p>Marted\u00ec 15 novembre 2022, ore 18&nbsp;<\/p>\n\n\n\n<p><strong>Conferenza<\/strong>: \u201cI Portici lignei a Bologna, origine e struttura\u201d, arch. Elisabetta Bertozzi.<\/p>\n\n\n\n<p>Gioved\u00ec 17 novembre 2022 ore 18&nbsp;<\/p>\n\n\n\n<p><strong>Conferenza<\/strong>: \u201cI Portici di Bologna nei diari dei viaggiatori\u201d. Dott. Pierluca Gamberini.<\/p>\n\n\n\n<p>Ricordiamo che l\u2019ingresso \u00e8 sempre libero, e che l\u2019orario del Museo \u00e8: marted\u00ec, gioved\u00ec, sabato dalle 9 alle 13, domenica dalle 10 alle 14. Info per visite guidate per gruppi:&nbsp;<a href=\"tel:3356771199\" target=\"_blank\" rel=\"noreferrer noopener\">335-6771199<\/a>, e&nbsp;<a href=\"mailto:lanzi@culturapopolare.it\" target=\"_blank\" rel=\"noreferrer noopener\">lanzi@culturapopolare.it<\/a><\/p>\n\n\n\n<p>Siamo su facebook, come Gioia Lanzi e Museo Beata Vergine di San Luca.<\/p>\n\n\n\n<p>Fernando e Gioia Lanzi<\/p>\n\n\n\n<figure class=\"wp-block-gallery has-nested-images columns-default is-cropped wp-block-gallery-1 is-layout-flex wp-block-gallery-is-layout-flex\">\n<figure class=\"wp-block-image size-large\"><img loading=\"lazy\" decoding=\"async\" width=\"724\" height=\"1024\" data-id=\"1902\" src=\"https:\/\/www.culturapopolare.it\/wp-content\/uploads\/2022\/10\/man-dal-cielo-724x1024.jpg\" alt=\"\" class=\"wp-image-1902\" srcset=\"https:\/\/www.culturapopolare.it\/wp-content\/uploads\/2022\/10\/man-dal-cielo-724x1024.jpg 724w, https:\/\/www.culturapopolare.it\/wp-content\/uploads\/2022\/10\/man-dal-cielo-212x300.jpg 212w, https:\/\/www.culturapopolare.it\/wp-content\/uploads\/2022\/10\/man-dal-cielo-768x1086.jpg 768w, https:\/\/www.culturapopolare.it\/wp-content\/uploads\/2022\/10\/man-dal-cielo-1086x1536.jpg 1086w, https:\/\/www.culturapopolare.it\/wp-content\/uploads\/2022\/10\/man-dal-cielo.jpg 1241w\" sizes=\"auto, (max-width: 724px) 100vw, 724px\" \/><\/figure>\n\n\n\n<figure class=\"wp-block-image size-large\"><img loading=\"lazy\" decoding=\"async\" width=\"724\" height=\"1024\" data-id=\"1904\" src=\"https:\/\/www.culturapopolare.it\/wp-content\/uploads\/2022\/10\/portici-2022-conversazione-724x1024.jpg\" alt=\"\" class=\"wp-image-1904\" srcset=\"https:\/\/www.culturapopolare.it\/wp-content\/uploads\/2022\/10\/portici-2022-conversazione-724x1024.jpg 724w, https:\/\/www.culturapopolare.it\/wp-content\/uploads\/2022\/10\/portici-2022-conversazione-212x300.jpg 212w, https:\/\/www.culturapopolare.it\/wp-content\/uploads\/2022\/10\/portici-2022-conversazione-768x1086.jpg 768w, https:\/\/www.culturapopolare.it\/wp-content\/uploads\/2022\/10\/portici-2022-conversazione-1086x1536.jpg 1086w, https:\/\/www.culturapopolare.it\/wp-content\/uploads\/2022\/10\/portici-2022-conversazione.jpg 1241w\" sizes=\"auto, (max-width: 724px) 100vw, 724px\" \/><\/figure>\n\n\n\n<figure class=\"wp-block-image size-large\"><img loading=\"lazy\" decoding=\"async\" width=\"724\" height=\"1024\" data-id=\"1903\" src=\"https:\/\/www.culturapopolare.it\/wp-content\/uploads\/2022\/10\/portici-gamberini_2-724x1024.jpg\" alt=\"\" class=\"wp-image-1903\" srcset=\"https:\/\/www.culturapopolare.it\/wp-content\/uploads\/2022\/10\/portici-gamberini_2-724x1024.jpg 724w, https:\/\/www.culturapopolare.it\/wp-content\/uploads\/2022\/10\/portici-gamberini_2-212x300.jpg 212w, https:\/\/www.culturapopolare.it\/wp-content\/uploads\/2022\/10\/portici-gamberini_2-768x1086.jpg 768w, https:\/\/www.culturapopolare.it\/wp-content\/uploads\/2022\/10\/portici-gamberini_2-1086x1536.jpg 1086w, https:\/\/www.culturapopolare.it\/wp-content\/uploads\/2022\/10\/portici-gamberini_2.jpg 1241w\" sizes=\"auto, (max-width: 724px) 100vw, 724px\" \/><\/figure>\n<\/figure>\n\n\n\n<p>Link alle locandine:<\/p>\n\n\n\n<p><a href=\"https:\/\/www.culturapopolare.it\/wp-content\/uploads\/2022\/10\/man-dal-cielo.pdf\">Mani dal cielo<\/a>, <a href=\"https:\/\/www.culturapopolare.it\/wp-content\/uploads\/2022\/10\/portici-2022-mostra_2.pdf\">I portici a Bologna (Mostra)<\/a>, <a href=\"https:\/\/www.culturapopolare.it\/wp-content\/uploads\/2022\/10\/portici-gamberini_2.pdf\">I portici di Bologna (conferenza)<\/a>.<\/p>\n","protected":false},"excerpt":{"rendered":"<p>Cari amici, ecco le proposte del Centro Studi e del Museo della Beata Vergine di San Luca: una nuova mostra sui portici di Bologna, ora riconosciuti come Patrimonio dell\u2019Umanit\u00e0 dall\u2019UNESCO, e tre conferenze, due sui portici stessi, la terza su un percorso di fede e devozione documentato nell\u2019Alta Valle del Reno.&nbsp; Mostra&nbsp;5 novembre &#8211; 6 &hellip; <a href=\"https:\/\/www.culturapopolare.it\/index.php\/archives\/1901\" class=\"more-link\">Continua a leggere <span class=\"screen-reader-text\">Avvisi di inizio novembre<\/span><\/a><\/p>\n","protected":false},"author":3,"featured_media":0,"comment_status":"closed","ping_status":"closed","sticky":false,"template":"","format":"standard","meta":{"footnotes":""},"categories":[37],"tags":[],"class_list":["post-1901","post","type-post","status-publish","format-standard","hentry","category-attivita"],"_links":{"self":[{"href":"https:\/\/www.culturapopolare.it\/index.php\/wp-json\/wp\/v2\/posts\/1901","targetHints":{"allow":["GET"]}}],"collection":[{"href":"https:\/\/www.culturapopolare.it\/index.php\/wp-json\/wp\/v2\/posts"}],"about":[{"href":"https:\/\/www.culturapopolare.it\/index.php\/wp-json\/wp\/v2\/types\/post"}],"author":[{"embeddable":true,"href":"https:\/\/www.culturapopolare.it\/index.php\/wp-json\/wp\/v2\/users\/3"}],"replies":[{"embeddable":true,"href":"https:\/\/www.culturapopolare.it\/index.php\/wp-json\/wp\/v2\/comments?post=1901"}],"version-history":[{"count":3,"href":"https:\/\/www.culturapopolare.it\/index.php\/wp-json\/wp\/v2\/posts\/1901\/revisions"}],"predecessor-version":[{"id":1911,"href":"https:\/\/www.culturapopolare.it\/index.php\/wp-json\/wp\/v2\/posts\/1901\/revisions\/1911"}],"wp:attachment":[{"href":"https:\/\/www.culturapopolare.it\/index.php\/wp-json\/wp\/v2\/media?parent=1901"}],"wp:term":[{"taxonomy":"category","embeddable":true,"href":"https:\/\/www.culturapopolare.it\/index.php\/wp-json\/wp\/v2\/categories?post=1901"},{"taxonomy":"post_tag","embeddable":true,"href":"https:\/\/www.culturapopolare.it\/index.php\/wp-json\/wp\/v2\/tags?post=1901"}],"curies":[{"name":"wp","href":"https:\/\/api.w.org\/{rel}","templated":true}]}}