{"id":977,"date":"2014-11-18T19:09:35","date_gmt":"2014-11-18T18:09:35","guid":{"rendered":"http:\/\/www.culturapopolare.it\/?p=977"},"modified":"2014-11-18T19:09:35","modified_gmt":"2014-11-18T18:09:35","slug":"il-lavoro-delluomo-nei-calendari-dellarte-cristiana","status":"publish","type":"post","link":"https:\/\/www.culturapopolare.it\/index.php\/archives\/977","title":{"rendered":"Il lavoro dell&#8217;uomo nei calendari dell&#8217;Arte Cristiana"},"content":{"rendered":"<p><strong>Sabato 22 novembre 2014, ore 17<br \/>\nc\/o Museo della Beata Vergine di San Luca<br \/>\n<\/strong><em>p.zza di Porta Saragozza 2\/a<br \/>\n<\/em><em>Conferenza con immagini di Fernando e Gioia Lanzi<br \/>\n<strong>Ingresso Gratuito<\/strong><\/em><\/p>\n<p>&#8220;I calendari scolpiti sulle facciate delle chiese, affrescati sulle pareti dei chiostri, dipinti nelle miniature, avevano una <em>duplice funzione<\/em>: rammentare, per la spiegazione che i predicatori ne davano, <em>il tempo e i lavori dell\u2019anno<\/em>, ma soprattutto <strong>mostrare il valore del lavoro<\/strong>. Gli uomini si affaticavano nel curare la terra e gli animali, per il proprio sostentamento, in situazioni spesso molto difficili e disagiate, in una natura sovente avversa: <em>i calendari di pietra e pittura, con la chiarezza eloquente delle immagini, illustrano come l\u2019opera umana non sia solo una sfibrante fatica, ma sia invece inserita in un pi\u00f9 ampio, e benevolo, disegno, in cui gli uomini nel \u201cpossedere\u201d la terra e nell\u2019averne cura, sono collaboratori dell\u2019opera divina.<\/em> In essa, i segni zodiacali, lo scorrere del tempo, il lavoro umano, e anche il necessario e giusto riposo, le relazioni fra gli uomini, sono in un intreccio stretto di rapporti, in cui nulla \u00e8 indifferente, nulla \u00e8 estraneo, nulla \u00e8 facoltativo o superfluo. Un grande disegno che raccorda il tempo all\u2019eternit\u00e0, e assegna a ciascuno un lavoro, e un tempo ad ogni cosa.&#8221;<\/p>\n<p><a class=\"linkicone\" href=\"http:\/\/www.culturapopolare.it\/wp-content\/uploads\/2014\/11\/2014-11-22-lavoro-delluomo-nei-calendari.pdf\">Scarica la locandina in PDF<\/a><\/p>\n","protected":false},"excerpt":{"rendered":"<p>Sabato 22 novembre 2014, ore 17 c\/o Museo della Beata Vergine di San Luca p.zza di Porta Saragozza 2\/a Conferenza con immagini di Fernando e Gioia Lanzi Ingresso Gratuito &#8220;I calendari scolpiti sulle facciate delle chiese, affrescati sulle pareti dei chiostri, dipinti nelle miniature, avevano una duplice funzione: rammentare, per la spiegazione che i predicatori &hellip; <a href=\"https:\/\/www.culturapopolare.it\/index.php\/archives\/977\" class=\"more-link\">Continua a leggere <span class=\"screen-reader-text\">Il lavoro dell&#8217;uomo nei calendari dell&#8217;Arte Cristiana<\/span><\/a><\/p>\n","protected":false},"author":3,"featured_media":0,"comment_status":"open","ping_status":"open","sticky":false,"template":"","format":"standard","meta":{"footnotes":""},"categories":[1],"tags":[],"class_list":["post-977","post","type-post","status-publish","format-standard","hentry","category-senza-categoria"],"_links":{"self":[{"href":"https:\/\/www.culturapopolare.it\/index.php\/wp-json\/wp\/v2\/posts\/977","targetHints":{"allow":["GET"]}}],"collection":[{"href":"https:\/\/www.culturapopolare.it\/index.php\/wp-json\/wp\/v2\/posts"}],"about":[{"href":"https:\/\/www.culturapopolare.it\/index.php\/wp-json\/wp\/v2\/types\/post"}],"author":[{"embeddable":true,"href":"https:\/\/www.culturapopolare.it\/index.php\/wp-json\/wp\/v2\/users\/3"}],"replies":[{"embeddable":true,"href":"https:\/\/www.culturapopolare.it\/index.php\/wp-json\/wp\/v2\/comments?post=977"}],"version-history":[{"count":1,"href":"https:\/\/www.culturapopolare.it\/index.php\/wp-json\/wp\/v2\/posts\/977\/revisions"}],"predecessor-version":[{"id":979,"href":"https:\/\/www.culturapopolare.it\/index.php\/wp-json\/wp\/v2\/posts\/977\/revisions\/979"}],"wp:attachment":[{"href":"https:\/\/www.culturapopolare.it\/index.php\/wp-json\/wp\/v2\/media?parent=977"}],"wp:term":[{"taxonomy":"category","embeddable":true,"href":"https:\/\/www.culturapopolare.it\/index.php\/wp-json\/wp\/v2\/categories?post=977"},{"taxonomy":"post_tag","embeddable":true,"href":"https:\/\/www.culturapopolare.it\/index.php\/wp-json\/wp\/v2\/tags?post=977"}],"curies":[{"name":"wp","href":"https:\/\/api.w.org\/{rel}","templated":true}]}}